{"id":2275,"date":"2019-10-28T22:38:00","date_gmt":"2019-10-28T22:38:00","guid":{"rendered":"https:\/\/logient.com\/?p=2275"},"modified":"2021-02-01T16:46:47","modified_gmt":"2021-02-01T16:46:47","slug":"logient-sante-accueille-dr-vincent-dumouchel","status":"publish","type":"post","link":"https:\/\/logient.com\/fr\/logient-sante-accueille-dr-vincent-dumouchel\/","title":{"rendered":"Logient s&rsquo;int\u00e9resse \u00e0 la sant\u00e9 et accueille le Dr Vincent Dumouchel"},"content":{"rendered":"","protected":false},"excerpt":{"rendered":"<p>Logient est fi\u00e8re d\u2019accueillir dans son \u00e9quipe le Dr Vincent Dumouchel. \u00c0 titre de directeur des solutions de sant\u00e9, il sera responsable de repenser la technologie con\u00e7ue pour les soins de sant\u00e9 et les sciences de la vie.<\/p>\n","protected":false},"author":12,"featured_media":3234,"comment_status":"open","ping_status":"open","sticky":false,"template":"","format":"standard","meta":{"_acf_changed":false,"content-type":"","_relevanssi_hide_post":"","_relevanssi_hide_content":"","_relevanssi_pin_for_all":"","_relevanssi_pin_keywords":"","_relevanssi_unpin_keywords":"","_relevanssi_related_keywords":"","_relevanssi_related_include_ids":"","_relevanssi_related_exclude_ids":"","_relevanssi_related_no_append":"","_relevanssi_related_not_related":"","_relevanssi_related_posts":"1899,1879,1889,1909,1948,2265","_relevanssi_noindex_reason":"","inline_featured_image":false,"mc4wp_mailchimp_campaign":[],"_jetpack_memberships_contains_paid_content":false,"footnotes":""},"categories":[14],"tags":[],"class_list":["post-2275","post","type-post","status-publish","format-standard","has-post-thumbnail","hentry","category-vie-dentreprise"],"acf":[],"yoast_head":"<!-- This site is optimized with the Yoast SEO plugin v24.9 - https:\/\/yoast.com\/wordpress\/plugins\/seo\/ -->\n<title>Logient s&#039;int\u00e9resse \u00e0 la sant\u00e9 et accueille le Dr Vincent Dumouchel - Logient<\/title>\n<meta name=\"description\" content=\"Afin de mettre son expertise en sant\u00e9 et sa cr\u00e9ativit\u00e9 \u00e0 profit, Logient est fi\u00e8re d\u2019accueillir dans l\u2019\u00e9quipe le Dr Vincent Dumouchel, m\u00e9decin de famille.\" \/>\n<meta name=\"robots\" content=\"index, follow, max-snippet:-1, max-image-preview:large, max-video-preview:-1\" \/>\n<link rel=\"canonical\" href=\"https:\/\/logient.com\/fr\/logient-sante-accueille-dr-vincent-dumouchel\/\" \/>\n<meta property=\"og:locale\" content=\"fr_FR\" \/>\n<meta property=\"og:type\" content=\"article\" \/>\n<meta property=\"og:title\" content=\"Logient s&#039;int\u00e9resse \u00e0 la sant\u00e9 et accueille le Dr Vincent Dumouchel - Logient\" \/>\n<meta property=\"og:description\" content=\"Afin de mettre son expertise en sant\u00e9 et sa cr\u00e9ativit\u00e9 \u00e0 profit, Logient est fi\u00e8re d\u2019accueillir dans l\u2019\u00e9quipe le Dr Vincent Dumouchel, m\u00e9decin de famille.\" \/>\n<meta property=\"og:url\" content=\"https:\/\/logient.com\/fr\/logient-sante-accueille-dr-vincent-dumouchel\/\" \/>\n<meta property=\"og:site_name\" content=\"Logient\" \/>\n<meta property=\"article:published_time\" content=\"2019-10-28T22:38:00+00:00\" \/>\n<meta property=\"article:modified_time\" content=\"2021-02-01T16:46:47+00:00\" \/>\n<meta property=\"og:image\" content=\"https:\/\/logient.com\/app\/uploads\/2019\/10\/logient-sante-technologique-vincent-dumouchel.jpg\" \/>\n\t<meta property=\"og:image:width\" content=\"2076\" \/>\n\t<meta property=\"og:image:height\" content=\"1424\" \/>\n\t<meta property=\"og:image:type\" content=\"image\/jpeg\" \/>\n<meta name=\"author\" content=\"Laurence Trudeau\" \/>\n<meta name=\"twitter:card\" content=\"summary_large_image\" \/>\n<meta name=\"twitter:label1\" content=\"\u00c9crit par\" \/>\n\t<meta name=\"twitter:data1\" content=\"Laurence Trudeau\" \/>\n<script type=\"application\/ld+json\" class=\"yoast-schema-graph\">{\"@context\":\"https:\/\/schema.org\",\"@graph\":[{\"@type\":\"Article\",\"@id\":\"https:\/\/logient.com\/fr\/logient-sante-accueille-dr-vincent-dumouchel\/#article\",\"isPartOf\":{\"@id\":\"https:\/\/logient.com\/fr\/logient-sante-accueille-dr-vincent-dumouchel\/\"},\"author\":{\"name\":\"Laurence Trudeau\",\"@id\":\"https:\/\/logient.com\/fr\/#\/schema\/person\/f524289c6e7e3ab1e39aaded48536dcc\"},\"headline\":\"Logient s&rsquo;int\u00e9resse \u00e0 la sant\u00e9 et accueille le Dr Vincent Dumouchel\",\"datePublished\":\"2019-10-28T22:38:00+00:00\",\"dateModified\":\"2021-02-01T16:46:47+00:00\",\"mainEntityOfPage\":{\"@id\":\"https:\/\/logient.com\/fr\/logient-sante-accueille-dr-vincent-dumouchel\/\"},\"wordCount\":12,\"commentCount\":0,\"publisher\":{\"@id\":\"https:\/\/logient.com\/fr\/#organization\"},\"image\":{\"@id\":\"https:\/\/logient.com\/fr\/logient-sante-accueille-dr-vincent-dumouchel\/#primaryimage\"},\"thumbnailUrl\":\"https:\/\/logient.com\/app\/uploads\/2019\/10\/logient-sante-technologique-vincent-dumouchel.jpg\",\"articleSection\":[\"Vie d'entreprise\"],\"inLanguage\":\"fr-FR\",\"potentialAction\":[{\"@type\":\"CommentAction\",\"name\":\"Comment\",\"target\":[\"https:\/\/logient.com\/fr\/logient-sante-accueille-dr-vincent-dumouchel\/#respond\"]}]},{\"@type\":\"WebPage\",\"@id\":\"https:\/\/logient.com\/fr\/logient-sante-accueille-dr-vincent-dumouchel\/\",\"url\":\"https:\/\/logient.com\/fr\/logient-sante-accueille-dr-vincent-dumouchel\/\",\"name\":\"Logient s'int\u00e9resse \u00e0 la sant\u00e9 et accueille le Dr Vincent Dumouchel - Logient\",\"isPartOf\":{\"@id\":\"https:\/\/logient.com\/fr\/#website\"},\"primaryImageOfPage\":{\"@id\":\"https:\/\/logient.com\/fr\/logient-sante-accueille-dr-vincent-dumouchel\/#primaryimage\"},\"image\":{\"@id\":\"https:\/\/logient.com\/fr\/logient-sante-accueille-dr-vincent-dumouchel\/#primaryimage\"},\"thumbnailUrl\":\"https:\/\/logient.com\/app\/uploads\/2019\/10\/logient-sante-technologique-vincent-dumouchel.jpg\",\"datePublished\":\"2019-10-28T22:38:00+00:00\",\"dateModified\":\"2021-02-01T16:46:47+00:00\",\"description\":\"Afin de mettre son expertise en sant\u00e9 et sa cr\u00e9ativit\u00e9 \u00e0 profit, Logient est fi\u00e8re d\u2019accueillir dans l\u2019\u00e9quipe le Dr Vincent Dumouchel, m\u00e9decin de famille.\",\"breadcrumb\":{\"@id\":\"https:\/\/logient.com\/fr\/logient-sante-accueille-dr-vincent-dumouchel\/#breadcrumb\"},\"inLanguage\":\"fr-FR\",\"potentialAction\":[{\"@type\":\"ReadAction\",\"target\":[\"https:\/\/logient.com\/fr\/logient-sante-accueille-dr-vincent-dumouchel\/\"]}]},{\"@type\":\"ImageObject\",\"inLanguage\":\"fr-FR\",\"@id\":\"https:\/\/logient.com\/fr\/logient-sante-accueille-dr-vincent-dumouchel\/#primaryimage\",\"url\":\"https:\/\/logient.com\/app\/uploads\/2019\/10\/logient-sante-technologique-vincent-dumouchel.jpg\",\"contentUrl\":\"https:\/\/logient.com\/app\/uploads\/2019\/10\/logient-sante-technologique-vincent-dumouchel.jpg\",\"width\":2076,\"height\":1424},{\"@type\":\"BreadcrumbList\",\"@id\":\"https:\/\/logient.com\/fr\/logient-sante-accueille-dr-vincent-dumouchel\/#breadcrumb\",\"itemListElement\":[{\"@type\":\"ListItem\",\"position\":1,\"name\":\"Home\",\"item\":\"https:\/\/logient.com\/fr\/\"},{\"@type\":\"ListItem\",\"position\":2,\"name\":\"Logient s&rsquo;int\u00e9resse \u00e0 la sant\u00e9 et accueille le Dr Vincent Dumouchel\"}]},{\"@type\":\"WebSite\",\"@id\":\"https:\/\/logient.com\/fr\/#website\",\"url\":\"https:\/\/logient.com\/fr\/\",\"name\":\"Logient\",\"description\":\"\",\"publisher\":{\"@id\":\"https:\/\/logient.com\/fr\/#organization\"},\"potentialAction\":[{\"@type\":\"SearchAction\",\"target\":{\"@type\":\"EntryPoint\",\"urlTemplate\":\"https:\/\/logient.com\/fr\/?s={search_term_string}\"},\"query-input\":{\"@type\":\"PropertyValueSpecification\",\"valueRequired\":true,\"valueName\":\"search_term_string\"}}],\"inLanguage\":\"fr-FR\"},{\"@type\":\"Organization\",\"@id\":\"https:\/\/logient.com\/fr\/#organization\",\"name\":\"Logient\",\"url\":\"https:\/\/logient.com\/fr\/\",\"logo\":{\"@type\":\"ImageObject\",\"inLanguage\":\"fr-FR\",\"@id\":\"https:\/\/logient.com\/fr\/#\/schema\/logo\/image\/\",\"url\":\"https:\/\/logient.com\/app\/uploads\/2023\/09\/group-53-1-scaled-1.jpg\",\"contentUrl\":\"https:\/\/logient.com\/app\/uploads\/2023\/09\/group-53-1-scaled-1.jpg\",\"width\":2560,\"height\":1797,\"caption\":\"Logient\"},\"image\":{\"@id\":\"https:\/\/logient.com\/fr\/#\/schema\/logo\/image\/\"}},{\"@type\":\"Person\",\"@id\":\"https:\/\/logient.com\/fr\/#\/schema\/person\/f524289c6e7e3ab1e39aaded48536dcc\",\"name\":\"Laurence Trudeau\",\"image\":{\"@type\":\"ImageObject\",\"inLanguage\":\"fr-FR\",\"@id\":\"https:\/\/logient.com\/fr\/#\/schema\/person\/image\/\",\"url\":\"https:\/\/secure.gravatar.com\/avatar\/be125d407d16e8c91a8e0d8ab070a53fd84a8477dfbf953c8be8b7ed9b0c362f?s=96&d=mm&r=g\",\"contentUrl\":\"https:\/\/secure.gravatar.com\/avatar\/be125d407d16e8c91a8e0d8ab070a53fd84a8477dfbf953c8be8b7ed9b0c362f?s=96&d=mm&r=g\",\"caption\":\"Laurence Trudeau\"}}]}<\/script>\n<!-- \/ Yoast SEO plugin. -->","yoast_head_json":{"title":"Logient s'int\u00e9resse \u00e0 la sant\u00e9 et accueille le Dr Vincent Dumouchel - Logient","description":"Afin de mettre son expertise en sant\u00e9 et sa cr\u00e9ativit\u00e9 \u00e0 profit, Logient est fi\u00e8re d\u2019accueillir dans l\u2019\u00e9quipe le Dr Vincent Dumouchel, m\u00e9decin de famille.","robots":{"index":"index","follow":"follow","max-snippet":"max-snippet:-1","max-image-preview":"max-image-preview:large","max-video-preview":"max-video-preview:-1"},"canonical":"https:\/\/logient.com\/fr\/logient-sante-accueille-dr-vincent-dumouchel\/","og_locale":"fr_FR","og_type":"article","og_title":"Logient s'int\u00e9resse \u00e0 la sant\u00e9 et accueille le Dr Vincent Dumouchel - Logient","og_description":"Afin de mettre son expertise en sant\u00e9 et sa cr\u00e9ativit\u00e9 \u00e0 profit, Logient est fi\u00e8re d\u2019accueillir dans l\u2019\u00e9quipe le Dr Vincent Dumouchel, m\u00e9decin de famille.","og_url":"https:\/\/logient.com\/fr\/logient-sante-accueille-dr-vincent-dumouchel\/","og_site_name":"Logient","article_published_time":"2019-10-28T22:38:00+00:00","article_modified_time":"2021-02-01T16:46:47+00:00","og_image":[{"width":2076,"height":1424,"url":"https:\/\/logient.com\/app\/uploads\/2019\/10\/logient-sante-technologique-vincent-dumouchel.jpg","type":"image\/jpeg"}],"author":"Laurence Trudeau","twitter_card":"summary_large_image","twitter_misc":{"\u00c9crit par":"Laurence Trudeau"},"schema":{"@context":"https:\/\/schema.org","@graph":[{"@type":"Article","@id":"https:\/\/logient.com\/fr\/logient-sante-accueille-dr-vincent-dumouchel\/#article","isPartOf":{"@id":"https:\/\/logient.com\/fr\/logient-sante-accueille-dr-vincent-dumouchel\/"},"author":{"name":"Laurence Trudeau","@id":"https:\/\/logient.com\/fr\/#\/schema\/person\/f524289c6e7e3ab1e39aaded48536dcc"},"headline":"Logient s&rsquo;int\u00e9resse \u00e0 la sant\u00e9 et accueille le Dr Vincent Dumouchel","datePublished":"2019-10-28T22:38:00+00:00","dateModified":"2021-02-01T16:46:47+00:00","mainEntityOfPage":{"@id":"https:\/\/logient.com\/fr\/logient-sante-accueille-dr-vincent-dumouchel\/"},"wordCount":12,"commentCount":0,"publisher":{"@id":"https:\/\/logient.com\/fr\/#organization"},"image":{"@id":"https:\/\/logient.com\/fr\/logient-sante-accueille-dr-vincent-dumouchel\/#primaryimage"},"thumbnailUrl":"https:\/\/logient.com\/app\/uploads\/2019\/10\/logient-sante-technologique-vincent-dumouchel.jpg","articleSection":["Vie d'entreprise"],"inLanguage":"fr-FR","potentialAction":[{"@type":"CommentAction","name":"Comment","target":["https:\/\/logient.com\/fr\/logient-sante-accueille-dr-vincent-dumouchel\/#respond"]}]},{"@type":"WebPage","@id":"https:\/\/logient.com\/fr\/logient-sante-accueille-dr-vincent-dumouchel\/","url":"https:\/\/logient.com\/fr\/logient-sante-accueille-dr-vincent-dumouchel\/","name":"Logient s'int\u00e9resse \u00e0 la sant\u00e9 et accueille le Dr Vincent Dumouchel - Logient","isPartOf":{"@id":"https:\/\/logient.com\/fr\/#website"},"primaryImageOfPage":{"@id":"https:\/\/logient.com\/fr\/logient-sante-accueille-dr-vincent-dumouchel\/#primaryimage"},"image":{"@id":"https:\/\/logient.com\/fr\/logient-sante-accueille-dr-vincent-dumouchel\/#primaryimage"},"thumbnailUrl":"https:\/\/logient.com\/app\/uploads\/2019\/10\/logient-sante-technologique-vincent-dumouchel.jpg","datePublished":"2019-10-28T22:38:00+00:00","dateModified":"2021-02-01T16:46:47+00:00","description":"Afin de mettre son expertise en sant\u00e9 et sa cr\u00e9ativit\u00e9 \u00e0 profit, Logient est fi\u00e8re d\u2019accueillir dans l\u2019\u00e9quipe le Dr Vincent Dumouchel, m\u00e9decin de famille.","breadcrumb":{"@id":"https:\/\/logient.com\/fr\/logient-sante-accueille-dr-vincent-dumouchel\/#breadcrumb"},"inLanguage":"fr-FR","potentialAction":[{"@type":"ReadAction","target":["https:\/\/logient.com\/fr\/logient-sante-accueille-dr-vincent-dumouchel\/"]}]},{"@type":"ImageObject","inLanguage":"fr-FR","@id":"https:\/\/logient.com\/fr\/logient-sante-accueille-dr-vincent-dumouchel\/#primaryimage","url":"https:\/\/logient.com\/app\/uploads\/2019\/10\/logient-sante-technologique-vincent-dumouchel.jpg","contentUrl":"https:\/\/logient.com\/app\/uploads\/2019\/10\/logient-sante-technologique-vincent-dumouchel.jpg","width":2076,"height":1424},{"@type":"BreadcrumbList","@id":"https:\/\/logient.com\/fr\/logient-sante-accueille-dr-vincent-dumouchel\/#breadcrumb","itemListElement":[{"@type":"ListItem","position":1,"name":"Home","item":"https:\/\/logient.com\/fr\/"},{"@type":"ListItem","position":2,"name":"Logient s&rsquo;int\u00e9resse \u00e0 la sant\u00e9 et accueille le Dr Vincent Dumouchel"}]},{"@type":"WebSite","@id":"https:\/\/logient.com\/fr\/#website","url":"https:\/\/logient.com\/fr\/","name":"Logient","description":"","publisher":{"@id":"https:\/\/logient.com\/fr\/#organization"},"potentialAction":[{"@type":"SearchAction","target":{"@type":"EntryPoint","urlTemplate":"https:\/\/logient.com\/fr\/?s={search_term_string}"},"query-input":{"@type":"PropertyValueSpecification","valueRequired":true,"valueName":"search_term_string"}}],"inLanguage":"fr-FR"},{"@type":"Organization","@id":"https:\/\/logient.com\/fr\/#organization","name":"Logient","url":"https:\/\/logient.com\/fr\/","logo":{"@type":"ImageObject","inLanguage":"fr-FR","@id":"https:\/\/logient.com\/fr\/#\/schema\/logo\/image\/","url":"https:\/\/logient.com\/app\/uploads\/2023\/09\/group-53-1-scaled-1.jpg","contentUrl":"https:\/\/logient.com\/app\/uploads\/2023\/09\/group-53-1-scaled-1.jpg","width":2560,"height":1797,"caption":"Logient"},"image":{"@id":"https:\/\/logient.com\/fr\/#\/schema\/logo\/image\/"}},{"@type":"Person","@id":"https:\/\/logient.com\/fr\/#\/schema\/person\/f524289c6e7e3ab1e39aaded48536dcc","name":"Laurence Trudeau","image":{"@type":"ImageObject","inLanguage":"fr-FR","@id":"https:\/\/logient.com\/fr\/#\/schema\/person\/image\/","url":"https:\/\/secure.gravatar.com\/avatar\/be125d407d16e8c91a8e0d8ab070a53fd84a8477dfbf953c8be8b7ed9b0c362f?s=96&d=mm&r=g","contentUrl":"https:\/\/secure.gravatar.com\/avatar\/be125d407d16e8c91a8e0d8ab070a53fd84a8477dfbf953c8be8b7ed9b0c362f?s=96&d=mm&r=g","caption":"Laurence Trudeau"}}]}},"jetpack_featured_media_url":"https:\/\/logient.com\/app\/uploads\/2019\/10\/logient-sante-technologique-vincent-dumouchel.jpg","jetpack_sharing_enabled":true,"_links":{"self":[{"href":"https:\/\/logient.com\/fr\/wp-json\/wp\/v2\/posts\/2275","targetHints":{"allow":["GET"]}}],"collection":[{"href":"https:\/\/logient.com\/fr\/wp-json\/wp\/v2\/posts"}],"about":[{"href":"https:\/\/logient.com\/fr\/wp-json\/wp\/v2\/types\/post"}],"author":[{"embeddable":true,"href":"https:\/\/logient.com\/fr\/wp-json\/wp\/v2\/users\/12"}],"replies":[{"embeddable":true,"href":"https:\/\/logient.com\/fr\/wp-json\/wp\/v2\/comments?post=2275"}],"version-history":[{"count":0,"href":"https:\/\/logient.com\/fr\/wp-json\/wp\/v2\/posts\/2275\/revisions"}],"wp:featuredmedia":[{"embeddable":true,"href":"https:\/\/logient.com\/fr\/wp-json\/wp\/v2\/media\/3234"}],"wp:attachment":[{"href":"https:\/\/logient.com\/fr\/wp-json\/wp\/v2\/media?parent=2275"}],"wp:term":[{"taxonomy":"category","embeddable":true,"href":"https:\/\/logient.com\/fr\/wp-json\/wp\/v2\/categories?post=2275"},{"taxonomy":"post_tag","embeddable":true,"href":"https:\/\/logient.com\/fr\/wp-json\/wp\/v2\/tags?post=2275"}],"curies":[{"name":"wp","href":"https:\/\/api.w.org\/{rel}","templated":true}]}}